{"id":106,"date":"2019-04-27T10:39:33","date_gmt":"2019-04-27T08:39:33","guid":{"rendered":"http:\/\/cvijece.covermagazin.com\/?p=106"},"modified":"2019-04-27T10:39:33","modified_gmt":"2019-04-27T08:39:33","slug":"alpinum-cvijetni-vrt","status":"publish","type":"post","link":"https:\/\/cvijece.covermagazin.com\/?p=106","title":{"rendered":"Alpinum \u2013 cvijetni vrt"},"content":{"rendered":"<p><a href=\"http:\/\/cvijece.covermagazin.com\/wp-content\/uploads\/2009\/09\/alpinum.jpg\"><img loading=\"lazy\" decoding=\"async\" class=\"alignnone size-full wp-image-107\" title=\"alpinum\" src=\"http:\/\/cvijece.covermagazin.com\/wp-content\/uploads\/2009\/09\/alpinum.jpg\" alt=\"alpinum\" width=\"300\" height=\"300\" \/><\/a><\/p>\n<p><a href=\"http:\/\/cvijece.covermagazin.com\/wp-content\/uploads\/2009\/09\/cvijet21.gif\"><img loading=\"lazy\" decoding=\"async\" class=\"alignnone size-full wp-image-108\" style=\"border: 0pt none;\" title=\"cvijet\" src=\"http:\/\/cvijece.covermagazin.com\/wp-content\/uploads\/2009\/09\/cvijet21.gif\" alt=\"cvijet\" width=\"10\" height=\"10\" \/><\/a> Alpinum je cvjetna zdjela u kojoj se nalazi zasa\u0111eno alpsko cvije\u0107e i bilje.<\/p>\n<p><a href=\"..\/wp-content\/uploads\/2009\/09\/cvijet21.gif\"><img loading=\"lazy\" decoding=\"async\" style=\"border: 0pt none;\" title=\"cvijet\" src=\"..\/wp-content\/uploads\/2009\/09\/cvijet21.gif\" alt=\"cvijet\" width=\"10\" height=\"10\" \/><\/a> Obi\u010dno izgleda tako da je u sredini zasa\u0111en manji primjerak crnogorice, a okolo je prostor u velikoj vazi popunjen drugim alpskim biljem. Da bi dojam bio \u0161to potpuniji unutar bilja stavi se kamen ili neki drugi sli\u010dni detalji. Da bi alpinum uspijevao potrebno je da ima dovoljno topline i svjetlosti, ali ga se mora za\u0161titi od \u017earkog sunca.<\/p>\n<p><a href=\"..\/wp-content\/uploads\/2009\/09\/cvijet21.gif\"><img loading=\"lazy\" decoding=\"async\" style=\"border: 0pt none;\" title=\"cvijet\" src=\"..\/wp-content\/uploads\/2009\/09\/cvijet21.gif\" alt=\"cvijet\" width=\"10\" height=\"10\" \/><\/a> Alpinum ljeti treba iznijeti izvan prostorije u vrt, na balkon ili terasu, a preko zime odr\u017eavati u domu.<\/p>\n<p>Povratak na <a href=\"..\/\">cvije\u0107e<\/a><\/p>\n","protected":false},"excerpt":{"rendered":"<p>Alpinum je cvjetna zdjela u kojoj se nalazi zasa\u0111eno alpsko cvije\u0107e i bilje. <\/p>\n","protected":false},"author":1,"featured_media":0,"comment_status":"open","ping_status":"open","sticky":false,"template":"","format":"standard","meta":{"footnotes":""},"categories":[4],"tags":[20,19],"class_list":["post-106","post","type-post","status-publish","format-standard","hentry","category-sobno_cvijece","tag-novosti","tag-vijesti"],"_links":{"self":[{"href":"https:\/\/cvijece.covermagazin.com\/index.php?rest_route=\/wp\/v2\/posts\/106","targetHints":{"allow":["GET"]}}],"collection":[{"href":"https:\/\/cvijece.covermagazin.com\/index.php?rest_route=\/wp\/v2\/posts"}],"about":[{"href":"https:\/\/cvijece.covermagazin.com\/index.php?rest_route=\/wp\/v2\/types\/post"}],"author":[{"embeddable":true,"href":"https:\/\/cvijece.covermagazin.com\/index.php?rest_route=\/wp\/v2\/users\/1"}],"replies":[{"embeddable":true,"href":"https:\/\/cvijece.covermagazin.com\/index.php?rest_route=%2Fwp%2Fv2%2Fcomments&post=106"}],"version-history":[{"count":8,"href":"https:\/\/cvijece.covermagazin.com\/index.php?rest_route=\/wp\/v2\/posts\/106\/revisions"}],"predecessor-version":[{"id":1896,"href":"https:\/\/cvijece.covermagazin.com\/index.php?rest_route=\/wp\/v2\/posts\/106\/revisions\/1896"}],"wp:attachment":[{"href":"https:\/\/cvijece.covermagazin.com\/index.php?rest_route=%2Fwp%2Fv2%2Fmedia&parent=106"}],"wp:term":[{"taxonomy":"category","embeddable":true,"href":"https:\/\/cvijece.covermagazin.com\/index.php?rest_route=%2Fwp%2Fv2%2Fcategories&post=106"},{"taxonomy":"post_tag","embeddable":true,"href":"https:\/\/cvijece.covermagazin.com\/index.php?rest_route=%2Fwp%2Fv2%2Ftags&post=106"}],"curies":[{"name":"wp","href":"https:\/\/api.w.org\/{rel}","templated":true}]}}