{"id":143,"date":"2019-08-24T01:04:24","date_gmt":"2019-08-23T23:04:24","guid":{"rendered":"http:\/\/cvijece.covermagazin.com\/?p=143"},"modified":"2019-08-24T01:04:24","modified_gmt":"2019-08-23T23:04:24","slug":"kada-je-potrebno-cvijece-prebaciti-u-vecu-vazu","status":"publish","type":"post","link":"https:\/\/cvijece.covermagazin.com\/?p=143","title":{"rendered":"Kada je potrebno cvije\u0107e prebaciti u ve\u0107u vazu"},"content":{"rendered":"<p><a href=\"http:\/\/cvijece.covermagazin.com\/wp-content\/uploads\/2009\/09\/vaze.jpg\"><img loading=\"lazy\" decoding=\"async\" class=\"alignnone size-full wp-image-144\" title=\"vaze\" src=\"http:\/\/cvijece.covermagazin.com\/wp-content\/uploads\/2009\/09\/vaze.jpg\" alt=\"vaze\" width=\"350\" height=\"350\" \/><\/a><\/p>\n<p><a href=\"http:\/\/cvijece.covermagazin.com\/wp-content\/uploads\/2009\/09\/cvijet29.gif\"><img loading=\"lazy\" decoding=\"async\" class=\"alignnone size-full wp-image-145\" style=\"border: 0pt none;\" title=\"cvijet\" src=\"http:\/\/cvijece.covermagazin.com\/wp-content\/uploads\/2009\/09\/cvijet29.gif\" alt=\"cvijet\" width=\"10\" height=\"10\" \/><\/a> Biljke je nabolje presa\u0111ivati u prolje\u0107e ili jesen. Nije dobro cvije\u0107e presa\u0111ivati u vrijeme cvjetanja.<\/p>\n<p><a href=\"..\/wp-content\/uploads\/2009\/09\/cvijet29.gif\"><img loading=\"lazy\" decoding=\"async\" style=\"border: 0pt none;\" title=\"cvijet\" src=\"..\/wp-content\/uploads\/2009\/09\/cvijet29.gif\" alt=\"cvijet\" width=\"10\" height=\"10\" \/><\/a> Najlak\u0161e \u0107ete ustanoviti kada cvije\u0107e treba presaditi u ve\u0107u vazu, ako iskrenete vazu i pa\u017eljivo izvu\u010dete biljku iz nje zajedno s korijenom i zemljom.<\/p>\n<p><a href=\"..\/wp-content\/uploads\/2009\/09\/cvijet29.gif\"><img loading=\"lazy\" decoding=\"async\" style=\"border: 0pt none;\" title=\"cvijet\" src=\"..\/wp-content\/uploads\/2009\/09\/cvijet29.gif\" alt=\"cvijet\" width=\"10\" height=\"10\" \/><\/a> Ako je zemlja uglavnom prokorijenjena pa je sadr\u017eaj vaze uglavnom splet korijenja s malo zemlje tada je to znak da cvije\u0107e trebate presaditi.<\/p>\n<p>Povratak na <a href=\"..\/\">cvije\u0107e<\/a><\/p>\n","protected":false},"excerpt":{"rendered":"<p>Biljke je nabolje presa\u0111ivati u prolje\u0107e. Nije dobro cvije\u0107e presa\u0111ivati u vrijeme cvjetanja. <\/p>\n","protected":false},"author":1,"featured_media":0,"comment_status":"open","ping_status":"open","sticky":false,"template":"","format":"standard","meta":{"footnotes":""},"categories":[7],"tags":[20,19],"class_list":["post-143","post","type-post","status-publish","format-standard","hentry","category-savjeti","tag-novosti","tag-vijesti"],"_links":{"self":[{"href":"https:\/\/cvijece.covermagazin.com\/index.php?rest_route=\/wp\/v2\/posts\/143","targetHints":{"allow":["GET"]}}],"collection":[{"href":"https:\/\/cvijece.covermagazin.com\/index.php?rest_route=\/wp\/v2\/posts"}],"about":[{"href":"https:\/\/cvijece.covermagazin.com\/index.php?rest_route=\/wp\/v2\/types\/post"}],"author":[{"embeddable":true,"href":"https:\/\/cvijece.covermagazin.com\/index.php?rest_route=\/wp\/v2\/users\/1"}],"replies":[{"embeddable":true,"href":"https:\/\/cvijece.covermagazin.com\/index.php?rest_route=%2Fwp%2Fv2%2Fcomments&post=143"}],"version-history":[{"count":17,"href":"https:\/\/cvijece.covermagazin.com\/index.php?rest_route=\/wp\/v2\/posts\/143\/revisions"}],"predecessor-version":[{"id":1929,"href":"https:\/\/cvijece.covermagazin.com\/index.php?rest_route=\/wp\/v2\/posts\/143\/revisions\/1929"}],"wp:attachment":[{"href":"https:\/\/cvijece.covermagazin.com\/index.php?rest_route=%2Fwp%2Fv2%2Fmedia&parent=143"}],"wp:term":[{"taxonomy":"category","embeddable":true,"href":"https:\/\/cvijece.covermagazin.com\/index.php?rest_route=%2Fwp%2Fv2%2Fcategories&post=143"},{"taxonomy":"post_tag","embeddable":true,"href":"https:\/\/cvijece.covermagazin.com\/index.php?rest_route=%2Fwp%2Fv2%2Ftags&post=143"}],"curies":[{"name":"wp","href":"https:\/\/api.w.org\/{rel}","templated":true}]}}