{"id":166,"date":"2019-07-23T09:49:56","date_gmt":"2019-07-23T07:49:56","guid":{"rendered":"http:\/\/cvijece.covermagazin.com\/?p=166"},"modified":"2019-07-23T09:49:56","modified_gmt":"2019-07-23T07:49:56","slug":"sobni-javor-abutilon","status":"publish","type":"post","link":"https:\/\/cvijece.covermagazin.com\/?p=166","title":{"rendered":"Sobni javor \u2013 Abutilon"},"content":{"rendered":"<p><a href=\"http:\/\/cvijece.covermagazin.com\/wp-content\/uploads\/2009\/09\/sobni-javor.jpg\"><img loading=\"lazy\" decoding=\"async\" class=\"alignnone size-full wp-image-167\" title=\"sobni-javor\" src=\"http:\/\/cvijece.covermagazin.com\/wp-content\/uploads\/2009\/09\/sobni-javor.jpg\" alt=\"sobni-javor\" width=\"300\" height=\"300\" \/><\/a><\/p>\n<p><a href=\"http:\/\/cvijece.covermagazin.com\/wp-content\/uploads\/2009\/09\/cvijet34.gif\"><img loading=\"lazy\" decoding=\"async\" class=\"alignnone size-full wp-image-168\" style=\"border: 0pt none;\" title=\"cvijet\" src=\"http:\/\/cvijece.covermagazin.com\/wp-content\/uploads\/2009\/09\/cvijet34.gif\" alt=\"cvijet\" width=\"10\" height=\"10\" \/><\/a> Sobni javor potje\u010de iz podru\u010dja Brazila. Sobni javor se naziva zbog sli\u010dnosti listova s listovima javora. Sobni javor ima grmoliki oblik, a \u010ditava biljka obrasla je finim dla\u010dicama.<\/p>\n<p><a href=\"..\/wp-content\/uploads\/2009\/09\/cvijet34.gif\"><img loading=\"lazy\" decoding=\"async\" style=\"border: 0pt none;\" title=\"cvijet\" src=\"..\/wp-content\/uploads\/2009\/09\/cvijet34.gif\" alt=\"cvijet\" width=\"10\" height=\"10\" \/><\/a> Cvjetovi su zvonoliki i izlaze iz pazu\u0161ca lista.<\/p>\n<p><a href=\"..\/wp-content\/uploads\/2009\/09\/cvijet34.gif\"><img loading=\"lazy\" decoding=\"async\" style=\"border: 0pt none;\" title=\"cvijet\" src=\"..\/wp-content\/uploads\/2009\/09\/cvijet34.gif\" alt=\"cvijet\" width=\"10\" height=\"10\" \/><\/a> Sobni javor se ne smije dr\u017eati na suncu, te ga ljeti treba staviti u polusjenovito mjesto iako mu odgovara i prebacivanje u vrt tijekom ljetnih mjeseci. Ako je previ\u0161e izlo\u017een suncu napada ga crveni pauk i lisne u\u0161i.<\/p>\n<p><a href=\"..\/wp-content\/uploads\/2009\/09\/cvijet34.gif\"><img loading=\"lazy\" decoding=\"async\" style=\"border: 0pt none;\" title=\"cvijet\" src=\"..\/wp-content\/uploads\/2009\/09\/cvijet34.gif\" alt=\"cvijet\" width=\"10\" height=\"10\" \/><\/a> Zimi ga treba dr\u017eati u svijetloj prostoriji temperature oko 13 \u00baC.<\/p>\n<p><a href=\"..\/wp-content\/uploads\/2009\/09\/cvijet34.gif\"><img loading=\"lazy\" decoding=\"async\" style=\"border: 0pt none;\" title=\"cvijet\" src=\"..\/wp-content\/uploads\/2009\/09\/cvijet34.gif\" alt=\"cvijet\" width=\"10\" height=\"10\" \/><\/a> Za vrijeme rasta (od o\u017eujka do kolovoza) ga treba zalijevati obilno, dok se zimi tek skromno vla\u017ei.<\/p>\n<p><a href=\"..\/wp-content\/uploads\/2009\/09\/cvijet34.gif\"><img loading=\"lazy\" decoding=\"async\" style=\"border: 0pt none;\" title=\"cvijet\" src=\"..\/wp-content\/uploads\/2009\/09\/cvijet34.gif\" alt=\"cvijet\" width=\"10\" height=\"10\" \/><\/a> Sobni javor ne podnosi propuh.<\/p>\n<p><a href=\"..\/wp-content\/uploads\/2009\/09\/cvijet34.gif\"><img loading=\"lazy\" decoding=\"async\" style=\"border: 0pt none;\" title=\"cvijet\" src=\"..\/wp-content\/uploads\/2009\/09\/cvijet34.gif\" alt=\"cvijet\" width=\"10\" height=\"10\" \/><\/a> Presa\u0111uje se u prolje\u0107e, u srednje te\u0161ku humusnu zemlju.<\/p>\n","protected":false},"excerpt":{"rendered":"<p>Sobni javor potje\u010de iz podru\u010dja Brazila. Sobni javor se naziva zbog sli\u010dnosti listova s listovima javora.<\/p>\n","protected":false},"author":1,"featured_media":0,"comment_status":"open","ping_status":"open","sticky":false,"template":"","format":"standard","meta":{"footnotes":""},"categories":[4],"tags":[20,19],"class_list":["post-166","post","type-post","status-publish","format-standard","hentry","category-sobno_cvijece","tag-novosti","tag-vijesti"],"_links":{"self":[{"href":"https:\/\/cvijece.covermagazin.com\/index.php?rest_route=\/wp\/v2\/posts\/166","targetHints":{"allow":["GET"]}}],"collection":[{"href":"https:\/\/cvijece.covermagazin.com\/index.php?rest_route=\/wp\/v2\/posts"}],"about":[{"href":"https:\/\/cvijece.covermagazin.com\/index.php?rest_route=\/wp\/v2\/types\/post"}],"author":[{"embeddable":true,"href":"https:\/\/cvijece.covermagazin.com\/index.php?rest_route=\/wp\/v2\/users\/1"}],"replies":[{"embeddable":true,"href":"https:\/\/cvijece.covermagazin.com\/index.php?rest_route=%2Fwp%2Fv2%2Fcomments&post=166"}],"version-history":[{"count":10,"href":"https:\/\/cvijece.covermagazin.com\/index.php?rest_route=\/wp\/v2\/posts\/166\/revisions"}],"predecessor-version":[{"id":1880,"href":"https:\/\/cvijece.covermagazin.com\/index.php?rest_route=\/wp\/v2\/posts\/166\/revisions\/1880"}],"wp:attachment":[{"href":"https:\/\/cvijece.covermagazin.com\/index.php?rest_route=%2Fwp%2Fv2%2Fmedia&parent=166"}],"wp:term":[{"taxonomy":"category","embeddable":true,"href":"https:\/\/cvijece.covermagazin.com\/index.php?rest_route=%2Fwp%2Fv2%2Fcategories&post=166"},{"taxonomy":"post_tag","embeddable":true,"href":"https:\/\/cvijece.covermagazin.com\/index.php?rest_route=%2Fwp%2Fv2%2Ftags&post=166"}],"curies":[{"name":"wp","href":"https:\/\/api.w.org\/{rel}","templated":true}]}}