{"id":206,"date":"2019-06-19T22:13:41","date_gmt":"2019-06-19T20:13:41","guid":{"rendered":"http:\/\/cvijece.covermagazin.com\/?p=206"},"modified":"2019-06-19T22:13:41","modified_gmt":"2019-06-19T20:13:41","slug":"badem","status":"publish","type":"post","link":"https:\/\/cvijece.covermagazin.com\/?p=206","title":{"rendered":"Badem"},"content":{"rendered":"<p><a href=\"http:\/\/cvijece.covermagazin.com\/wp-content\/uploads\/2009\/10\/badem.jpg\"><img loading=\"lazy\" decoding=\"async\" class=\"alignnone size-full wp-image-207\" title=\"badem\" src=\"http:\/\/cvijece.covermagazin.com\/wp-content\/uploads\/2009\/10\/badem.jpg\" alt=\"badem\" width=\"300\" height=\"300\" \/><\/a><\/p>\n<p><a href=\"http:\/\/cvijece.covermagazin.com\/wp-content\/uploads\/2009\/10\/cvijet2.gif\"><img loading=\"lazy\" decoding=\"async\" class=\"alignnone size-full wp-image-208\" style=\"border: 0pt none;\" title=\"Badem\" src=\"http:\/\/cvijece.covermagazin.com\/wp-content\/uploads\/2009\/10\/cvijet2.gif\" alt=\"Badem\" width=\"10\" height=\"10\" \/><\/a> Badem je biljka koja voli vapnenasto, suho i \u0161ljunkovito tlo. Li\u0161\u0107e mu je listopadno, a visina dose\u017ee od 6 do 8 metara.<\/p>\n<p><a href=\"..\/wp-content\/uploads\/2009\/10\/cvijet2.gif\"><img loading=\"lazy\" decoding=\"async\" style=\"border: 0pt none;\" title=\"Badem\" src=\"..\/wp-content\/uploads\/2009\/10\/cvijet2.gif\" alt=\"Badem\" width=\"10\" height=\"10\" \/><\/a> Cvjeta na samom po\u010detku godine, ve\u0107inom izme\u0111u sije\u010dnja i o\u017eujka, dok plodove ima u srpnju.<\/p>\n<p><a href=\"..\/wp-content\/uploads\/2009\/10\/cvijet2.gif\"><img loading=\"lazy\" decoding=\"async\" style=\"border: 0pt none;\" title=\"Badem\" src=\"..\/wp-content\/uploads\/2009\/10\/cvijet2.gif\" alt=\"Badem\" width=\"10\" height=\"10\" \/><\/a> Grane izlaze iz kratka debla, otprilike 30cm duljine, a sve se razvijaju u jednoj plohi, raspore\u0111ene u lepezu po vertikali.<\/p>\n<p><a href=\"..\/wp-content\/uploads\/2009\/10\/cvijet2.gif\"><img loading=\"lazy\" decoding=\"async\" style=\"border: 0pt none;\" title=\"Badem\" src=\"..\/wp-content\/uploads\/2009\/10\/cvijet2.gif\" alt=\"Badem\" width=\"10\" height=\"10\" \/><\/a> Prilikom kupovine badema kupujte onaj s kro\u0161njom prostornog oblika.<\/p>\n<p><a href=\"..\/wp-content\/uploads\/2009\/10\/cvijet2.gif\"><img loading=\"lazy\" decoding=\"async\" style=\"border: 0pt none;\" title=\"Badem\" src=\"..\/wp-content\/uploads\/2009\/10\/cvijet2.gif\" alt=\"Badem\" width=\"10\" height=\"10\" \/><\/a> Badem voli toplije krajeve stoga ako ga namjeravate uzgajati u hladnijim krajevima uzgajajte ga uz zid te ga plo\u0161no ve\u017eite u obliku nepravilne palmete.<\/p>\n<p><a href=\"..\/wp-content\/uploads\/2009\/10\/cvijet2.gif\"><img loading=\"lazy\" decoding=\"async\" style=\"border: 0pt none;\" title=\"Badem\" src=\"..\/wp-content\/uploads\/2009\/10\/cvijet2.gif\" alt=\"Badem\" width=\"10\" height=\"10\" \/><\/a> Kako biste odr\u017eali ravnote\u017eu rasta, ali i rodnosti stabla svakako ga redovno obrezujte, a kako biste postigli najbolji u\u010dinak najbolje je obrezivati izme\u0111u studenog i o\u017eujka.<\/p>\n<p>Povratak na <a href=\"..\/\">cvije\u0107e<\/a><\/p>\n","protected":false},"excerpt":{"rendered":"<p>Badem je biljka koja voli vapnenasto, suho i \u0161ljunkovito tlo&#8230;<\/p>\n","protected":false},"author":1,"featured_media":0,"comment_status":"open","ping_status":"open","sticky":false,"template":"","format":"standard","meta":{"footnotes":""},"categories":[5],"tags":[20,19],"class_list":["post-206","post","type-post","status-publish","format-standard","hentry","category-vrtno_bilje","tag-novosti","tag-vijesti"],"_links":{"self":[{"href":"https:\/\/cvijece.covermagazin.com\/index.php?rest_route=\/wp\/v2\/posts\/206","targetHints":{"allow":["GET"]}}],"collection":[{"href":"https:\/\/cvijece.covermagazin.com\/index.php?rest_route=\/wp\/v2\/posts"}],"about":[{"href":"https:\/\/cvijece.covermagazin.com\/index.php?rest_route=\/wp\/v2\/types\/post"}],"author":[{"embeddable":true,"href":"https:\/\/cvijece.covermagazin.com\/index.php?rest_route=\/wp\/v2\/users\/1"}],"replies":[{"embeddable":true,"href":"https:\/\/cvijece.covermagazin.com\/index.php?rest_route=%2Fwp%2Fv2%2Fcomments&post=206"}],"version-history":[{"count":19,"href":"https:\/\/cvijece.covermagazin.com\/index.php?rest_route=\/wp\/v2\/posts\/206\/revisions"}],"predecessor-version":[{"id":1953,"href":"https:\/\/cvijece.covermagazin.com\/index.php?rest_route=\/wp\/v2\/posts\/206\/revisions\/1953"}],"wp:attachment":[{"href":"https:\/\/cvijece.covermagazin.com\/index.php?rest_route=%2Fwp%2Fv2%2Fmedia&parent=206"}],"wp:term":[{"taxonomy":"category","embeddable":true,"href":"https:\/\/cvijece.covermagazin.com\/index.php?rest_route=%2Fwp%2Fv2%2Fcategories&post=206"},{"taxonomy":"post_tag","embeddable":true,"href":"https:\/\/cvijece.covermagazin.com\/index.php?rest_route=%2Fwp%2Fv2%2Ftags&post=206"}],"curies":[{"name":"wp","href":"https:\/\/api.w.org\/{rel}","templated":true}]}}