{"id":289,"date":"2019-07-28T14:40:44","date_gmt":"2019-07-28T12:40:44","guid":{"rendered":"http:\/\/cvijece.covermagazin.com\/?p=289"},"modified":"2019-07-28T14:40:44","modified_gmt":"2019-07-28T12:40:44","slug":"javor","status":"publish","type":"post","link":"https:\/\/cvijece.covermagazin.com\/?p=289","title":{"rendered":"Javor"},"content":{"rendered":"<p><a href=\"http:\/\/cvijece.covermagazin.com\/wp-content\/uploads\/2009\/11\/Javor.jpg\"><img loading=\"lazy\" decoding=\"async\" class=\"alignnone size-full wp-image-290\" title=\"Javor\" src=\"http:\/\/cvijece.covermagazin.com\/wp-content\/uploads\/2009\/11\/Javor.jpg\" alt=\"Javor\" width=\"301\" height=\"300\" \/><\/a><\/p>\n<p><a href=\"http:\/\/cvijece.covermagazin.com\/wp-content\/uploads\/2009\/11\/tocka3.gif\"><img loading=\"lazy\" decoding=\"async\" class=\"alignnone size-full wp-image-291\" title=\"Javor \" src=\"http:\/\/cvijece.covermagazin.com\/wp-content\/uploads\/2009\/11\/tocka3.gif\" alt=\"Javor \" width=\"2\" height=\"2\" \/><\/a> Javor je listopadno stablo \u010dija je visina ve\u0107inom izme\u0111u\u00a0 8 i 10 metara.<\/p>\n<p><a href=\"..\/wp-content\/uploads\/2009\/11\/tocka3.gif\"><img loading=\"lazy\" decoding=\"async\" title=\"Javor \" src=\"..\/wp-content\/uploads\/2009\/11\/tocka3.gif\" alt=\"Javor \" width=\"2\" height=\"2\" \/><\/a> Poznat je jer raste na gotovo svim sun\u010danim podru\u010djima budu\u0107i da mu odgovara sunce te sve vrste tla. Cvjeta tijekom ljeta, izme\u0111u\u00a0 lipnja i rujna.<\/p>\n<p><a href=\"..\/wp-content\/uploads\/2009\/11\/tocka3.gif\"><img loading=\"lazy\" decoding=\"async\" title=\"Javor \" src=\"..\/wp-content\/uploads\/2009\/11\/tocka3.gif\" alt=\"Javor \" width=\"2\" height=\"2\" \/><\/a> Nije ga potrebno svake godine obrezivati da bi izgledao lijepo i uredno. Dovoljno je obrezati ga (kao i ve\u0107inu stabala) svakih deset godina tako da o\u010distite kro\u0161nju \u0161to podrazumijeva da odre\u017eete sve suhe grane koje naru\u0161avaju izgled i oblik stabla. Ukoliko je to potrebno kro\u0161nju \u010distite izme\u0111u studenoga i velja\u010de.<\/p>\n<p><a href=\"..\/wp-content\/uploads\/2009\/11\/tocka3.gif\"><img loading=\"lazy\" decoding=\"async\" title=\"Javor \" src=\"..\/wp-content\/uploads\/2009\/11\/tocka3.gif\" alt=\"Javor \" width=\"2\" height=\"2\" \/><\/a> Osim ovog velikog javora, dosta \u010desto se uzgaja i japanski javor. On ve\u0107inom naraste do 2 metra visinu i obrezuje se kao grm, a za rast mu je potrebno ne\u0161to kiselkastije tlo.<\/p>\n<p>Povratak na <a href=\"..\/\">cvije\u0107e<\/a><\/p>\n","protected":false},"excerpt":{"rendered":"<p>Javor je listopadno stablo \u010dija je visina ve\u0107inom izme\u0111u  8 i 10 metara&#8230;<\/p>\n","protected":false},"author":1,"featured_media":0,"comment_status":"open","ping_status":"open","sticky":false,"template":"","format":"standard","meta":{"footnotes":""},"categories":[6],"tags":[20,19],"class_list":["post-289","post","type-post","status-publish","format-standard","hentry","category-vanjsko_cvijece","tag-novosti","tag-vijesti"],"_links":{"self":[{"href":"https:\/\/cvijece.covermagazin.com\/index.php?rest_route=\/wp\/v2\/posts\/289","targetHints":{"allow":["GET"]}}],"collection":[{"href":"https:\/\/cvijece.covermagazin.com\/index.php?rest_route=\/wp\/v2\/posts"}],"about":[{"href":"https:\/\/cvijece.covermagazin.com\/index.php?rest_route=\/wp\/v2\/types\/post"}],"author":[{"embeddable":true,"href":"https:\/\/cvijece.covermagazin.com\/index.php?rest_route=\/wp\/v2\/users\/1"}],"replies":[{"embeddable":true,"href":"https:\/\/cvijece.covermagazin.com\/index.php?rest_route=%2Fwp%2Fv2%2Fcomments&post=289"}],"version-history":[{"count":9,"href":"https:\/\/cvijece.covermagazin.com\/index.php?rest_route=\/wp\/v2\/posts\/289\/revisions"}],"predecessor-version":[{"id":1903,"href":"https:\/\/cvijece.covermagazin.com\/index.php?rest_route=\/wp\/v2\/posts\/289\/revisions\/1903"}],"wp:attachment":[{"href":"https:\/\/cvijece.covermagazin.com\/index.php?rest_route=%2Fwp%2Fv2%2Fmedia&parent=289"}],"wp:term":[{"taxonomy":"category","embeddable":true,"href":"https:\/\/cvijece.covermagazin.com\/index.php?rest_route=%2Fwp%2Fv2%2Fcategories&post=289"},{"taxonomy":"post_tag","embeddable":true,"href":"https:\/\/cvijece.covermagazin.com\/index.php?rest_route=%2Fwp%2Fv2%2Ftags&post=289"}],"curies":[{"name":"wp","href":"https:\/\/api.w.org\/{rel}","templated":true}]}}