{"id":326,"date":"2019-08-17T06:55:57","date_gmt":"2019-08-17T04:55:57","guid":{"rendered":"http:\/\/cvijece.covermagazin.com\/?p=326"},"modified":"2019-08-17T06:55:57","modified_gmt":"2019-08-17T04:55:57","slug":"mirta","status":"publish","type":"post","link":"https:\/\/cvijece.covermagazin.com\/?p=326","title":{"rendered":"Mirta"},"content":{"rendered":"<p><a href=\"http:\/\/cvijece.covermagazin.com\/wp-content\/uploads\/2009\/11\/mirta.jpg\"><img loading=\"lazy\" decoding=\"async\" class=\"alignnone size-full wp-image-327\" title=\"mirta\" src=\"http:\/\/cvijece.covermagazin.com\/wp-content\/uploads\/2009\/11\/mirta.jpg\" alt=\"mirta\" width=\"302\" height=\"300\" \/><\/a><\/p>\n<p><a href=\"http:\/\/cvijece.covermagazin.com\/wp-content\/uploads\/2009\/11\/tocka11.gif\"><img loading=\"lazy\" decoding=\"async\" class=\"alignnone size-full wp-image-328\" title=\"Mirta\" src=\"http:\/\/cvijece.covermagazin.com\/wp-content\/uploads\/2009\/11\/tocka11.gif\" alt=\"Mirta\" width=\"2\" height=\"2\" \/><\/a> Mirta je primorska, grmolika biljka. Mo\u017ee narasti do 4 m visine. Cvate izme\u0111u lipnja i srpnja.<\/p>\n<p><a href=\"..\/wp-content\/uploads\/2009\/11\/tocka11.gif\"><img loading=\"lazy\" decoding=\"async\" title=\"Mirta\" src=\"..\/wp-content\/uploads\/2009\/11\/tocka11.gif\" alt=\"Mirta\" width=\"2\" height=\"2\" \/><\/a> Sastoji se od nekoliko gran\u010dica na kojima se nalaze jajoliki listovi. Cvjetovi su joj bijele boje, plodovi su joj bobice plavkasto &#8211; crne boje. Bobice, kao i listovi, se koriste kao za\u010dinsko bilje kod pripremanja ribljih i mesnih specijaliteta.<\/p>\n<p><a href=\"..\/wp-content\/uploads\/2009\/11\/tocka11.gif\"><img loading=\"lazy\" decoding=\"async\" title=\"Mirta\" src=\"..\/wp-content\/uploads\/2009\/11\/tocka11.gif\" alt=\"Mirta\" width=\"2\" height=\"2\" \/><\/a> Poznato je kako njeni listovi imaju antisepti\u010dna i ljekovita svojstva. U pro\u0161losti \u017evakanje gran\u010dica mirti koristilo se za pranje zubi, dok se destilirana voda dobivena iz listova i cvjetova koristila kao tonik koji proljep\u0161ava ko\u017eu.<\/p>\n<p><a href=\"..\/wp-content\/uploads\/2009\/11\/tocka11.gif\"><img loading=\"lazy\" decoding=\"async\" title=\"Mirta\" src=\"..\/wp-content\/uploads\/2009\/11\/tocka11.gif\" alt=\"Mirta\" width=\"2\" height=\"2\" \/><\/a> Listovi kao i plodovi imaju vrlo ugodan miris budu\u0107i da u sebi sadr\u017ee esencijalno ulje koje ima umiruju\u0107a i antireumatska svojstva stoga nije \u010dudno kako se vrlo \u010desto uzgaja i u vazama kao ukrasna biljka.<\/p>\n<p>Povratak na <a href=\"..\/\">cvije\u0107e<\/a><\/p>\n","protected":false},"excerpt":{"rendered":"<p>Mirta je primorska, grmolika biljka. Mo\u017ee narasti do 4m visine. Cvate izme\u0111u lipnja i srpnja&#8230;<\/p>\n","protected":false},"author":1,"featured_media":0,"comment_status":"open","ping_status":"open","sticky":false,"template":"","format":"standard","meta":{"footnotes":""},"categories":[5],"tags":[20,19],"class_list":["post-326","post","type-post","status-publish","format-standard","hentry","category-vrtno_bilje","tag-novosti","tag-vijesti"],"_links":{"self":[{"href":"https:\/\/cvijece.covermagazin.com\/index.php?rest_route=\/wp\/v2\/posts\/326","targetHints":{"allow":["GET"]}}],"collection":[{"href":"https:\/\/cvijece.covermagazin.com\/index.php?rest_route=\/wp\/v2\/posts"}],"about":[{"href":"https:\/\/cvijece.covermagazin.com\/index.php?rest_route=\/wp\/v2\/types\/post"}],"author":[{"embeddable":true,"href":"https:\/\/cvijece.covermagazin.com\/index.php?rest_route=\/wp\/v2\/users\/1"}],"replies":[{"embeddable":true,"href":"https:\/\/cvijece.covermagazin.com\/index.php?rest_route=%2Fwp%2Fv2%2Fcomments&post=326"}],"version-history":[{"count":10,"href":"https:\/\/cvijece.covermagazin.com\/index.php?rest_route=\/wp\/v2\/posts\/326\/revisions"}],"predecessor-version":[{"id":1923,"href":"https:\/\/cvijece.covermagazin.com\/index.php?rest_route=\/wp\/v2\/posts\/326\/revisions\/1923"}],"wp:attachment":[{"href":"https:\/\/cvijece.covermagazin.com\/index.php?rest_route=%2Fwp%2Fv2%2Fmedia&parent=326"}],"wp:term":[{"taxonomy":"category","embeddable":true,"href":"https:\/\/cvijece.covermagazin.com\/index.php?rest_route=%2Fwp%2Fv2%2Fcategories&post=326"},{"taxonomy":"post_tag","embeddable":true,"href":"https:\/\/cvijece.covermagazin.com\/index.php?rest_route=%2Fwp%2Fv2%2Ftags&post=326"}],"curies":[{"name":"wp","href":"https:\/\/api.w.org\/{rel}","templated":true}]}}