{"id":340,"date":"2019-08-02T06:11:02","date_gmt":"2019-08-02T04:11:02","guid":{"rendered":"http:\/\/cvijece.covermagazin.com\/?p=340"},"modified":"2019-08-02T06:11:02","modified_gmt":"2019-08-02T04:11:02","slug":"najpopularnija-zimzelena-stabla","status":"publish","type":"post","link":"https:\/\/cvijece.covermagazin.com\/?p=340","title":{"rendered":"Najpopularnija zimzelena stabla"},"content":{"rendered":"<p><a href=\"http:\/\/cvijece.covermagazin.com\/wp-content\/uploads\/2009\/11\/najpoznatija-zimzelena-stabla-hrast.jpg\"><img loading=\"lazy\" decoding=\"async\" class=\"alignnone size-full wp-image-341\" title=\"najpoznatija zimzelena stabla - hrast\" src=\"http:\/\/cvijece.covermagazin.com\/wp-content\/uploads\/2009\/11\/najpoznatija-zimzelena-stabla-hrast.jpg\" alt=\"najpoznatija zimzelena stabla - hrast\" width=\"311\" height=\"290\" \/><\/a><\/p>\n<p><a href=\"http:\/\/cvijece.covermagazin.com\/wp-content\/uploads\/2009\/11\/tocka14.gif\"><img loading=\"lazy\" decoding=\"async\" class=\"alignnone size-full wp-image-342\" title=\"Najpopularnija zimzelena stabla\" src=\"http:\/\/cvijece.covermagazin.com\/wp-content\/uploads\/2009\/11\/tocka14.gif\" alt=\"Najpopularnija zimzelena stabla\" width=\"2\" height=\"2\" \/><\/a> \u010cetinja\u010de \u2013 To su stabla borova, borovice, smreke, jele, tuje i cedrovi. Prepoznatljivi su po svome igli\u010dastom li\u0161\u0107u, a uzgajaju se \u0161irom cijelog svijeta. Zelena su tijekom \u010ditave godine. Ina\u010de su to vrlo visoka stabla, no, mo\u017eete prona\u0107i i ona patuljastijeg oblika.<\/p>\n<p><a href=\"..\/wp-content\/uploads\/2009\/11\/tocka14.gif\"><img loading=\"lazy\" decoding=\"async\" title=\"Najpopularnija zimzelena stabla\" src=\"..\/wp-content\/uploads\/2009\/11\/tocka14.gif\" alt=\"Najpopularnija zimzelena stabla\" width=\"2\" height=\"2\" \/><\/a> Eukaliptus \u2013 Ova stabla dosta brzo rastu, a posebno su dobra budu\u0107i da dobro podnose su\u0161u. Posebno dobro uspijevaju u klimama gdje su ljeta suha, a zime blage. Li\u0161\u0107e im je aromati\u010dno, a listovi i cvije\u0107e, kao i visina ovise o vrstama.<\/p>\n<p><a href=\"..\/wp-content\/uploads\/2009\/11\/tocka14.gif\"><img loading=\"lazy\" decoding=\"async\" title=\"Najpopularnija zimzelena stabla\" src=\"..\/wp-content\/uploads\/2009\/11\/tocka14.gif\" alt=\"Najpopularnija zimzelena stabla\" width=\"2\" height=\"2\" \/><\/a> Hrastovi \u2013 Ovih stabala ima jako puno i dobro su rasprostranjena. Ve\u0107ina njih u vrlo kratkom roku narastu, te postanu velika i \u0161iroka. Na na\u0161im podru\u010djima je najrasprostranjenija crnika ili \u010desmina. Dose\u017ee visinu \u010dak do 30m a uspijeva na cijelom primorju te otocima.<\/p>\n<p><a href=\"..\/wp-content\/uploads\/2009\/11\/tocka14.gif\"><img loading=\"lazy\" decoding=\"async\" title=\"Najpopularnija zimzelena stabla\" src=\"..\/wp-content\/uploads\/2009\/11\/tocka14.gif\" alt=\"Najpopularnija zimzelena stabla\" width=\"2\" height=\"2\" \/><\/a> Zimzelena kru\u0161ka \u2013 ova stabla su najpopularnija za ku\u0107ne vrtove. Visina im je od 3 do 5 metara, a imaju veliku i \u0161iroku kro\u0161nju. Listovi su lijepi, sjajni, svijetlo zelene boje, dok se u prolje\u0107e pojavljuju i cvjetovi bijele boje.<\/p>\n<p>Povratak na <a href=\"..\/\">cvije\u0107e<\/a><\/p>\n","protected":false},"excerpt":{"rendered":"<p>Hrastovi \u2013 Ovih stabala ima jako puno i dobro su rasprostranjena. Ve\u0107ina njih u vrlo kratkom roku narastu, te postanu velika i \u0161iroka&#8230;<\/p>\n","protected":false},"author":1,"featured_media":0,"comment_status":"open","ping_status":"open","sticky":false,"template":"","format":"standard","meta":{"footnotes":""},"categories":[5],"tags":[20,19],"class_list":["post-340","post","type-post","status-publish","format-standard","hentry","category-vrtno_bilje","tag-novosti","tag-vijesti"],"_links":{"self":[{"href":"https:\/\/cvijece.covermagazin.com\/index.php?rest_route=\/wp\/v2\/posts\/340","targetHints":{"allow":["GET"]}}],"collection":[{"href":"https:\/\/cvijece.covermagazin.com\/index.php?rest_route=\/wp\/v2\/posts"}],"about":[{"href":"https:\/\/cvijece.covermagazin.com\/index.php?rest_route=\/wp\/v2\/types\/post"}],"author":[{"embeddable":true,"href":"https:\/\/cvijece.covermagazin.com\/index.php?rest_route=\/wp\/v2\/users\/1"}],"replies":[{"embeddable":true,"href":"https:\/\/cvijece.covermagazin.com\/index.php?rest_route=%2Fwp%2Fv2%2Fcomments&post=340"}],"version-history":[{"count":12,"href":"https:\/\/cvijece.covermagazin.com\/index.php?rest_route=\/wp\/v2\/posts\/340\/revisions"}],"predecessor-version":[{"id":1904,"href":"https:\/\/cvijece.covermagazin.com\/index.php?rest_route=\/wp\/v2\/posts\/340\/revisions\/1904"}],"wp:attachment":[{"href":"https:\/\/cvijece.covermagazin.com\/index.php?rest_route=%2Fwp%2Fv2%2Fmedia&parent=340"}],"wp:term":[{"taxonomy":"category","embeddable":true,"href":"https:\/\/cvijece.covermagazin.com\/index.php?rest_route=%2Fwp%2Fv2%2Fcategories&post=340"},{"taxonomy":"post_tag","embeddable":true,"href":"https:\/\/cvijece.covermagazin.com\/index.php?rest_route=%2Fwp%2Fv2%2Ftags&post=340"}],"curies":[{"name":"wp","href":"https:\/\/api.w.org\/{rel}","templated":true}]}}