{"id":424,"date":"2019-06-01T07:28:37","date_gmt":"2019-06-01T05:28:37","guid":{"rendered":"http:\/\/cvijece.covermagazin.com\/?p=424"},"modified":"2019-06-01T07:28:37","modified_gmt":"2019-06-01T05:28:37","slug":"kada-orezivati-zimi-a-kada-ljeti","status":"publish","type":"post","link":"https:\/\/cvijece.covermagazin.com\/?p=424","title":{"rendered":"Kada orezivati zimi, a kada ljeti?!"},"content":{"rendered":"<p><a href=\"http:\/\/cvijece.covermagazin.com\/wp-content\/uploads\/2009\/12\/orezivanje-vocaka.jpg\"><img loading=\"lazy\" decoding=\"async\" class=\"alignnone size-full wp-image-425\" title=\"orezivanje vocaka\" src=\"http:\/\/cvijece.covermagazin.com\/wp-content\/uploads\/2009\/12\/orezivanje-vocaka.jpg\" alt=\"orezivanje vocaka\" width=\"350\" height=\"300\" \/><\/a><\/p>\n<p><a href=\"http:\/\/cvijece.covermagazin.com\/wp-content\/uploads\/2009\/12\/tocka7.gif\"><img loading=\"lazy\" decoding=\"async\" class=\"alignnone size-full wp-image-427\" title=\"Kada orezivati zimi, a kada ljeti\" src=\"http:\/\/cvijece.covermagazin.com\/wp-content\/uploads\/2009\/12\/tocka7.gif\" alt=\"Kada orezivati zimi, a kada ljeti\" width=\"2\" height=\"2\" \/><\/a> Zimsko orezivanje je korisno ukoliko \u017eelite potaknuti nove mladice da ispune praznine oko debla s granama. Nije dobro ukoliko \u017eelite smanjiti broj mladica ili usporiti rast jer ovo orezivanje poti\u010de nove vegetativne izdanke.<\/p>\n<p><a href=\"..\/wp-content\/uploads\/2009\/12\/tocka7.gif\"><img loading=\"lazy\" decoding=\"async\" title=\"Kada orezivati zimi, a kada ljeti\" src=\"..\/wp-content\/uploads\/2009\/12\/tocka7.gif\" alt=\"Kada orezivati zimi, a kada ljeti\" width=\"2\" height=\"2\" \/><\/a> Ljetno orezivanje djeluje suprotno od zimskog. Ono blago spre\u010dava rast ili smanjuje veli\u010dinu drveta. Najbolje je orezivati ljeti kada se tjedna stopa rasta po\u010dinje smanjivati.<\/p>\n<p>Povratak na <a href=\"..\/\">cvije\u0107e<\/a><\/p>\n","protected":false},"excerpt":{"rendered":"<p>Zimsko orezivanje je korisno ukoliko \u017eelite potaknuti nove mladice da ispune praznine oko debla s granama&#8230;<\/p>\n","protected":false},"author":1,"featured_media":0,"comment_status":"open","ping_status":"open","sticky":false,"template":"","format":"standard","meta":{"footnotes":""},"categories":[7],"tags":[],"class_list":["post-424","post","type-post","status-publish","format-standard","hentry","category-savjeti"],"_links":{"self":[{"href":"https:\/\/cvijece.covermagazin.com\/index.php?rest_route=\/wp\/v2\/posts\/424","targetHints":{"allow":["GET"]}}],"collection":[{"href":"https:\/\/cvijece.covermagazin.com\/index.php?rest_route=\/wp\/v2\/posts"}],"about":[{"href":"https:\/\/cvijece.covermagazin.com\/index.php?rest_route=\/wp\/v2\/types\/post"}],"author":[{"embeddable":true,"href":"https:\/\/cvijece.covermagazin.com\/index.php?rest_route=\/wp\/v2\/users\/1"}],"replies":[{"embeddable":true,"href":"https:\/\/cvijece.covermagazin.com\/index.php?rest_route=%2Fwp%2Fv2%2Fcomments&post=424"}],"version-history":[{"count":11,"href":"https:\/\/cvijece.covermagazin.com\/index.php?rest_route=\/wp\/v2\/posts\/424\/revisions"}],"predecessor-version":[{"id":1736,"href":"https:\/\/cvijece.covermagazin.com\/index.php?rest_route=\/wp\/v2\/posts\/424\/revisions\/1736"}],"wp:attachment":[{"href":"https:\/\/cvijece.covermagazin.com\/index.php?rest_route=%2Fwp%2Fv2%2Fmedia&parent=424"}],"wp:term":[{"taxonomy":"category","embeddable":true,"href":"https:\/\/cvijece.covermagazin.com\/index.php?rest_route=%2Fwp%2Fv2%2Fcategories&post=424"},{"taxonomy":"post_tag","embeddable":true,"href":"https:\/\/cvijece.covermagazin.com\/index.php?rest_route=%2Fwp%2Fv2%2Ftags&post=424"}],"curies":[{"name":"wp","href":"https:\/\/api.w.org\/{rel}","templated":true}]}}