{"id":487,"date":"2019-08-06T20:45:01","date_gmt":"2019-08-06T18:45:01","guid":{"rendered":"http:\/\/cvijece.covermagazin.com\/?p=487"},"modified":"2019-08-06T20:45:01","modified_gmt":"2019-08-06T18:45:01","slug":"stabla-u-vrtu","status":"publish","type":"post","link":"https:\/\/cvijece.covermagazin.com\/?p=487","title":{"rendered":"Stabla u vrtu"},"content":{"rendered":"<p><strong><a href=\"http:\/\/cvijece.covermagazin.com\/wp-content\/uploads\/2009\/12\/stabla-u-vrtu.jpg\"><img loading=\"lazy\" decoding=\"async\" class=\"alignnone size-full wp-image-488\" title=\"stabla u vrtu\" src=\"http:\/\/cvijece.covermagazin.com\/wp-content\/uploads\/2009\/12\/stabla-u-vrtu.jpg\" alt=\"stabla u vrtu\" width=\"300\" height=\"300\" \/><\/a><br \/>\n<\/strong><\/p>\n<p><a href=\"http:\/\/cvijece.covermagazin.com\/wp-content\/uploads\/2009\/12\/tocka21.gif\"><img loading=\"lazy\" decoding=\"async\" class=\"alignnone size-full wp-image-489\" title=\"stabla u vrtu\" src=\"http:\/\/cvijece.covermagazin.com\/wp-content\/uploads\/2009\/12\/tocka21.gif\" alt=\"stabla u vrtu\" width=\"2\" height=\"2\" \/><\/a> Stabla se naj\u010de\u0161\u0107e sade na me\u0111usobnoj udaljenosti od oko \u0161est metara, a neka vam udaljenost od ku\u0107e bude minimalno tri metra, pogotovo kod jako visokih stabala jer ukoliko se nalazite na podru\u010dju gdje \u010desto pu\u0161u vjetrovi korijenje stabala mo\u017ee o\u0161tetiti temelje i podno\u017eje zidova.<\/p>\n<p><a href=\"..\/wp-content\/uploads\/2009\/12\/tocka21.gif\"><img loading=\"lazy\" decoding=\"async\" title=\"stabla u vrtu\" src=\"..\/wp-content\/uploads\/2009\/12\/tocka21.gif\" alt=\"stabla u vrtu\" width=\"2\" height=\"2\" \/><\/a> Tako\u0111er, pripazite i na to kako \u0107e sjena zimzelenog drve\u0107a u blizini ku\u0107e zakloniti prolaz sun\u010devim zrakama zimi. To vam vjerojatno i odgovara ukoliko se nalazite u krajevima s vrlo toplom klimom.<\/p>\n<p><a href=\"..\/wp-content\/uploads\/2009\/12\/tocka21.gif\"><img loading=\"lazy\" decoding=\"async\" title=\"stabla u vrtu\" src=\"..\/wp-content\/uploads\/2009\/12\/tocka21.gif\" alt=\"stabla u vrtu\" width=\"2\" height=\"2\" \/><\/a> Listopadna stabla se jako dobro prilago\u0111avaju sezonskim zahtjevima svjetla i temperature te pru\u017eaju bogatstvo boja i teksture listova. Svakako pripazite da listopadno drve\u0107e ne sadite uz bazen ili fontanu kako sebi ne biste stvorili dodatni posao.<\/p>\n<p><a href=\"..\/wp-content\/uploads\/2009\/12\/tocka21.gif\"><img loading=\"lazy\" decoding=\"async\" title=\"stabla u vrtu\" src=\"..\/wp-content\/uploads\/2009\/12\/tocka21.gif\" alt=\"stabla u vrtu\" width=\"2\" height=\"2\" \/><\/a> Ukoliko volite leptire svakako zasadite i drvo mirobalane \u010dijim cvjetovima leptiri te\u0161ko odlijevaju.<\/p>\n<p><a href=\"..\/wp-content\/uploads\/2009\/12\/tocka21.gif\"><img loading=\"lazy\" decoding=\"async\" title=\"stabla u vrtu\" src=\"..\/wp-content\/uploads\/2009\/12\/tocka21.gif\" alt=\"stabla u vrtu\" width=\"2\" height=\"2\" \/><\/a> Kako u gradskim vrtovima \u010desto prevladava suho tlo te smog i dim ne\u0107e vam sva stabla uspjeti. U takvim uvjetima dobro uspijeva katalpa, divlji kesten, japanska sofor i tvrdi drijen, budu\u0107i da su jako pogodna za sadnju u gradskim vrtovima. Ako ne volite pretjerano p\u010dele, onda izbjegavajte tvrdi drijen budu\u0107i da njegovi cvjetovi izrazito privla\u010de p\u010dele.<\/p>\n<p><a href=\"..\/wp-content\/uploads\/2009\/12\/tocka21.gif\"><img loading=\"lazy\" decoding=\"async\" title=\"stabla u vrtu\" src=\"..\/wp-content\/uploads\/2009\/12\/tocka21.gif\" alt=\"stabla u vrtu\" width=\"2\" height=\"2\" \/><\/a> Ukoliko imate vrt uz more pogodne su ove vrste drve\u0107a: magnolija, planika, portugalski lovor. Bagrem i bazga. Jo\u0161 je dosta va\u017eno da znate kako ne postoji veza izme\u0111u visine stabla i brzine njegova rasta.<\/p>\n<p><a href=\"..\/wp-content\/uploads\/2009\/12\/tocka21.gif\"><img loading=\"lazy\" decoding=\"async\" title=\"stabla u vrtu\" src=\"..\/wp-content\/uploads\/2009\/12\/tocka21.gif\" alt=\"stabla u vrtu\" width=\"2\" height=\"2\" \/><\/a> No, ukoliko \u017eelite napraviti uspomenu i ne\u0161to \u0161to \u0107e se prenositi generacijama svakako zasadite maslinu jer je ona dugovje\u010dno stablo koje mo\u017ee do\u017eivjeti starost od preko tisu\u0107u godina.<\/p>\n<p>Povratak na <a href=\"..\/\">cvije\u0107e<\/a><\/p>\n","protected":false},"excerpt":{"rendered":"<p>Stabla se naj\u010de\u0161\u0107e sade na me\u0111usobnoj udaljenosti od oko \u0161est metara&#8230;<\/p>\n","protected":false},"author":1,"featured_media":0,"comment_status":"open","ping_status":"open","sticky":false,"template":"","format":"standard","meta":{"footnotes":""},"categories":[5],"tags":[20,19],"class_list":["post-487","post","type-post","status-publish","format-standard","hentry","category-vrtno_bilje","tag-novosti","tag-vijesti"],"_links":{"self":[{"href":"https:\/\/cvijece.covermagazin.com\/index.php?rest_route=\/wp\/v2\/posts\/487","targetHints":{"allow":["GET"]}}],"collection":[{"href":"https:\/\/cvijece.covermagazin.com\/index.php?rest_route=\/wp\/v2\/posts"}],"about":[{"href":"https:\/\/cvijece.covermagazin.com\/index.php?rest_route=\/wp\/v2\/types\/post"}],"author":[{"embeddable":true,"href":"https:\/\/cvijece.covermagazin.com\/index.php?rest_route=\/wp\/v2\/users\/1"}],"replies":[{"embeddable":true,"href":"https:\/\/cvijece.covermagazin.com\/index.php?rest_route=%2Fwp%2Fv2%2Fcomments&post=487"}],"version-history":[{"count":12,"href":"https:\/\/cvijece.covermagazin.com\/index.php?rest_route=\/wp\/v2\/posts\/487\/revisions"}],"predecessor-version":[{"id":1928,"href":"https:\/\/cvijece.covermagazin.com\/index.php?rest_route=\/wp\/v2\/posts\/487\/revisions\/1928"}],"wp:attachment":[{"href":"https:\/\/cvijece.covermagazin.com\/index.php?rest_route=%2Fwp%2Fv2%2Fmedia&parent=487"}],"wp:term":[{"taxonomy":"category","embeddable":true,"href":"https:\/\/cvijece.covermagazin.com\/index.php?rest_route=%2Fwp%2Fv2%2Fcategories&post=487"},{"taxonomy":"post_tag","embeddable":true,"href":"https:\/\/cvijece.covermagazin.com\/index.php?rest_route=%2Fwp%2Fv2%2Ftags&post=487"}],"curies":[{"name":"wp","href":"https:\/\/api.w.org\/{rel}","templated":true}]}}