{"id":495,"date":"2019-07-05T08:31:13","date_gmt":"2019-07-05T06:31:13","guid":{"rendered":"http:\/\/cvijece.covermagazin.com\/?p=495"},"modified":"2019-07-05T08:31:13","modified_gmt":"2019-07-05T06:31:13","slug":"odabir-autohtone-biljke-za-vas-vrt","status":"publish","type":"post","link":"https:\/\/cvijece.covermagazin.com\/?p=495","title":{"rendered":"Odabir autohtone biljke za va\u0161 vrt"},"content":{"rendered":"<p><a href=\"http:\/\/cvijece.covermagazin.com\/wp-content\/uploads\/2009\/12\/autohtone-biljke.JPG\"><img loading=\"lazy\" decoding=\"async\" class=\"alignnone size-full wp-image-496\" title=\"autohtone biljke\" src=\"http:\/\/cvijece.covermagazin.com\/wp-content\/uploads\/2009\/12\/autohtone-biljke.JPG\" alt=\"autohtone biljke\" width=\"300\" height=\"300\" \/><\/a><\/p>\n<p><a href=\"http:\/\/cvijece.covermagazin.com\/wp-content\/uploads\/2009\/12\/tocka23.gif\"><img loading=\"lazy\" decoding=\"async\" class=\"alignnone size-full wp-image-497\" title=\"autohtone biljke\" src=\"http:\/\/cvijece.covermagazin.com\/wp-content\/uploads\/2009\/12\/tocka23.gif\" alt=\"autohtone biljke\" width=\"2\" height=\"2\" \/><\/a> Ukoliko niste sigurni koju biljku \u017eelite posaditi, a \u017eelite ne\u0161to \u0161to \u0107e dobro uspijevati i uklopiti se u okolinu, te da ne\u0107e iziskivati previ\u0161e truda svakako je najbolji izbor saditi autohtone biljke, budu\u0107i da one i prirodno rastu na odre\u0111enom podru\u010dju.<\/p>\n<p><a href=\"..\/wp-content\/uploads\/2009\/12\/tocka23.gif\"><img loading=\"lazy\" decoding=\"async\" title=\"autohtone biljke\" src=\"..\/wp-content\/uploads\/2009\/12\/tocka23.gif\" alt=\"autohtone biljke\" width=\"2\" height=\"2\" \/><\/a> Takve su biljke idealne jer su se one kroz du\u017ei niz godina potpuno prilagodile klimatskim uvjetima va\u0161eg podru\u010dja, te zbog toga ove biljke rastu zdrave i sna\u017ene bez da u njih ula\u017eete puno truda.<\/p>\n<p><a href=\"..\/wp-content\/uploads\/2009\/12\/tocka23.gif\"><img loading=\"lazy\" decoding=\"async\" title=\"autohtone biljke\" src=\"..\/wp-content\/uploads\/2009\/12\/tocka23.gif\" alt=\"autohtone biljke\" width=\"2\" height=\"2\" \/><\/a> Tako\u0111er, kupnja ovakvog bilja poma\u017ee i pticama, leptirima i sli\u010dnim \u017eivotinjama budu\u0107i da njima autohtone biljke pru\u017eaju hranu i zaklon.<\/p>\n<p>Povratak na <a href=\"..\/\">cvije\u0107e<\/a><\/p>\n","protected":false},"excerpt":{"rendered":"<p>Ukoliko niste sigurni koju biljku \u017eelite posaditi, a \u017eelite ne\u0161to \u0161to \u0107e dobro uspijevati i uklopiti se u okolinu&#8230;<\/p>\n","protected":false},"author":1,"featured_media":0,"comment_status":"open","ping_status":"open","sticky":false,"template":"","format":"standard","meta":{"footnotes":""},"categories":[7,5],"tags":[20,19],"class_list":["post-495","post","type-post","status-publish","format-standard","hentry","category-savjeti","category-vrtno_bilje","tag-novosti","tag-vijesti"],"_links":{"self":[{"href":"https:\/\/cvijece.covermagazin.com\/index.php?rest_route=\/wp\/v2\/posts\/495","targetHints":{"allow":["GET"]}}],"collection":[{"href":"https:\/\/cvijece.covermagazin.com\/index.php?rest_route=\/wp\/v2\/posts"}],"about":[{"href":"https:\/\/cvijece.covermagazin.com\/index.php?rest_route=\/wp\/v2\/types\/post"}],"author":[{"embeddable":true,"href":"https:\/\/cvijece.covermagazin.com\/index.php?rest_route=\/wp\/v2\/users\/1"}],"replies":[{"embeddable":true,"href":"https:\/\/cvijece.covermagazin.com\/index.php?rest_route=%2Fwp%2Fv2%2Fcomments&post=495"}],"version-history":[{"count":12,"href":"https:\/\/cvijece.covermagazin.com\/index.php?rest_route=\/wp\/v2\/posts\/495\/revisions"}],"predecessor-version":[{"id":1884,"href":"https:\/\/cvijece.covermagazin.com\/index.php?rest_route=\/wp\/v2\/posts\/495\/revisions\/1884"}],"wp:attachment":[{"href":"https:\/\/cvijece.covermagazin.com\/index.php?rest_route=%2Fwp%2Fv2%2Fmedia&parent=495"}],"wp:term":[{"taxonomy":"category","embeddable":true,"href":"https:\/\/cvijece.covermagazin.com\/index.php?rest_route=%2Fwp%2Fv2%2Fcategories&post=495"},{"taxonomy":"post_tag","embeddable":true,"href":"https:\/\/cvijece.covermagazin.com\/index.php?rest_route=%2Fwp%2Fv2%2Ftags&post=495"}],"curies":[{"name":"wp","href":"https:\/\/api.w.org\/{rel}","templated":true}]}}