{"id":525,"date":"2019-08-03T18:55:28","date_gmt":"2019-08-03T16:55:28","guid":{"rendered":"http:\/\/cvijece.covermagazin.com\/?p=525"},"modified":"2019-08-03T18:55:28","modified_gmt":"2019-08-03T16:55:28","slug":"vlasac","status":"publish","type":"post","link":"https:\/\/cvijece.covermagazin.com\/?p=525","title":{"rendered":"Vlasac"},"content":{"rendered":"<p><a href=\"http:\/\/cvijece.covermagazin.com\/wp-content\/uploads\/2009\/12\/vlasac.jpg\"><img loading=\"lazy\" decoding=\"async\" class=\"alignnone size-full wp-image-526\" title=\"vlasac\" src=\"http:\/\/cvijece.covermagazin.com\/wp-content\/uploads\/2009\/12\/vlasac.jpg\" alt=\"vlasac\" width=\"300\" height=\"300\" \/><\/a><\/p>\n<p><a href=\"http:\/\/cvijece.covermagazin.com\/wp-content\/uploads\/2009\/12\/tocka29.gif\"><img loading=\"lazy\" decoding=\"async\" class=\"alignnone size-full wp-image-527\" title=\"vlasac\" src=\"http:\/\/cvijece.covermagazin.com\/wp-content\/uploads\/2009\/12\/tocka29.gif\" alt=\"vlasac\" width=\"2\" height=\"2\" \/><\/a> Vlasac je biljka koja maksimalno naraste 20cm.<\/p>\n<p><a href=\"..\/wp-content\/uploads\/2009\/12\/tocka29.gif\"><img loading=\"lazy\" decoding=\"async\" title=\"vlasac\" src=\"..\/wp-content\/uploads\/2009\/12\/tocka29.gif\" alt=\"vlasac\" width=\"2\" height=\"2\" \/><\/a> Listovi su tamno zelene boje, mekani i cjevasti, dok su cvjetovi objedinjeni u glavicu koja se nalazi na duguljastoj stabljici.<\/p>\n<p><a href=\"..\/wp-content\/uploads\/2009\/12\/tocka29.gif\"><img loading=\"lazy\" decoding=\"async\" title=\"vlasac\" src=\"..\/wp-content\/uploads\/2009\/12\/tocka29.gif\" alt=\"vlasac\" width=\"2\" height=\"2\" \/><\/a> Lako se prilago\u0111ava svim uvjetima. Poznato je kako joj se listovi tijekom zime potpuno osu\u0161e, a rastu ponovno u prolje\u0107e.<\/p>\n<p><a href=\"..\/wp-content\/uploads\/2009\/12\/tocka29.gif\"><img loading=\"lazy\" decoding=\"async\" title=\"vlasac\" src=\"..\/wp-content\/uploads\/2009\/12\/tocka29.gif\" alt=\"vlasac\" width=\"2\" height=\"2\" \/><\/a> Glavica biljke se vrlo \u010desto koristi umjesto crvenog luka kod pripreme salata, pa \u010dak i kuhanih jela, dok se listovi koriste svje\u017ee nasjeckani prilikom kuhanja juhe, kremastih sireva i sl., te kao ukras nekim jelima budu\u0107i da kuglaste glavice izgledaju vrlo zanimljivo.<\/p>\n<p><a href=\"..\/wp-content\/uploads\/2009\/12\/tocka29.gif\"><img loading=\"lazy\" decoding=\"async\" title=\"vlasac\" src=\"..\/wp-content\/uploads\/2009\/12\/tocka29.gif\" alt=\"vlasac\" width=\"2\" height=\"2\" \/><\/a> Koristi se i u pripremi aromatiziranog octa koji pospje\u0161uje probavu.<\/p>\n","protected":false},"excerpt":{"rendered":"<p>Vlasac je biljka koja maksimalno naraste 20cm&#8230;<\/p>\n","protected":false},"author":1,"featured_media":0,"comment_status":"open","ping_status":"open","sticky":false,"template":"","format":"standard","meta":{"footnotes":""},"categories":[5],"tags":[20,19],"class_list":["post-525","post","type-post","status-publish","format-standard","hentry","category-vrtno_bilje","tag-novosti","tag-vijesti"],"_links":{"self":[{"href":"https:\/\/cvijece.covermagazin.com\/index.php?rest_route=\/wp\/v2\/posts\/525","targetHints":{"allow":["GET"]}}],"collection":[{"href":"https:\/\/cvijece.covermagazin.com\/index.php?rest_route=\/wp\/v2\/posts"}],"about":[{"href":"https:\/\/cvijece.covermagazin.com\/index.php?rest_route=\/wp\/v2\/types\/post"}],"author":[{"embeddable":true,"href":"https:\/\/cvijece.covermagazin.com\/index.php?rest_route=\/wp\/v2\/users\/1"}],"replies":[{"embeddable":true,"href":"https:\/\/cvijece.covermagazin.com\/index.php?rest_route=%2Fwp%2Fv2%2Fcomments&post=525"}],"version-history":[{"count":6,"href":"https:\/\/cvijece.covermagazin.com\/index.php?rest_route=\/wp\/v2\/posts\/525\/revisions"}],"predecessor-version":[{"id":1927,"href":"https:\/\/cvijece.covermagazin.com\/index.php?rest_route=\/wp\/v2\/posts\/525\/revisions\/1927"}],"wp:attachment":[{"href":"https:\/\/cvijece.covermagazin.com\/index.php?rest_route=%2Fwp%2Fv2%2Fmedia&parent=525"}],"wp:term":[{"taxonomy":"category","embeddable":true,"href":"https:\/\/cvijece.covermagazin.com\/index.php?rest_route=%2Fwp%2Fv2%2Fcategories&post=525"},{"taxonomy":"post_tag","embeddable":true,"href":"https:\/\/cvijece.covermagazin.com\/index.php?rest_route=%2Fwp%2Fv2%2Ftags&post=525"}],"curies":[{"name":"wp","href":"https:\/\/api.w.org\/{rel}","templated":true}]}}