{"id":530,"date":"2020-04-28T08:25:40","date_gmt":"2020-04-28T06:25:40","guid":{"rendered":"http:\/\/cvijece.covermagazin.com\/?p=530"},"modified":"2020-04-28T09:50:10","modified_gmt":"2020-04-28T07:50:10","slug":"vizualno-povecajte-vrt","status":"publish","type":"post","link":"https:\/\/cvijece.covermagazin.com\/?p=530","title":{"rendered":"Vizualno pove\u0107ajte vrt"},"content":{"rendered":"<p><a href=\"http:\/\/cvijece.covermagazin.com\/wp-content\/uploads\/2009\/12\/vizualno-povecajte-vrt.jpg\"><img loading=\"lazy\" decoding=\"async\" class=\"alignnone size-full wp-image-531\" title=\"vizualno povecajte vrt\" src=\"http:\/\/cvijece.covermagazin.com\/wp-content\/uploads\/2009\/12\/vizualno-povecajte-vrt.jpg\" alt=\"vizualno povecajte vrt\" width=\"300\" height=\"300\" \/><\/a><\/p>\n<p><a href=\"http:\/\/cvijece.covermagazin.com\/wp-content\/uploads\/2009\/12\/tocka30.gif\"><img loading=\"lazy\" decoding=\"async\" class=\"alignnone size-full wp-image-532\" title=\"vizualno_povecajte_vrt\" src=\"http:\/\/cvijece.covermagazin.com\/wp-content\/uploads\/2009\/12\/tocka30.gif\" alt=\"vizualno_povecajte_vrt\" width=\"2\" height=\"2\" \/><\/a> Preduga\u010dak vrt skratite tako da u prvi plan postavite ogradu koja je obojana u plavo, ili oblikujete cvjetnu gredicu sa cvjetovima plave boje. U pozadinu smjestite crvenu ogradu ili naravno, crveno cvjetaju\u0107u gredicu. Na taj na\u010din \u0107ete vizualno skratiti va\u0161 vrt.<\/p>\n<p><a href=\"..\/wp-content\/uploads\/2009\/12\/tocka30.gif\"><img loading=\"lazy\" decoding=\"async\" title=\"vizualno_povecajte_vrt\" src=\"..\/wp-content\/uploads\/2009\/12\/tocka30.gif\" alt=\"vizualno_povecajte_vrt\" width=\"2\" height=\"2\" \/><\/a> Kratak vrt vizualno mo\u017eete produ\u017eiti ukoliko u prvi plan postavite gredice ili ograde toplih boja, a u pozadinu stavite hladne boje, npr. naprijed stavite crvenu ogradu ili crveno cvjetaju\u0107u gredicu cvije\u0107a, a u pozadini posadite plavu gredicu, odnosno postavite plavu ogradu.<\/p>\n<p><a href=\"..\/wp-content\/uploads\/2009\/12\/tocka30.gif\"><img loading=\"lazy\" decoding=\"async\" title=\"vizualno_povecajte_vrt\" src=\"..\/wp-content\/uploads\/2009\/12\/tocka30.gif\" alt=\"vizualno_povecajte_vrt\" width=\"2\" height=\"2\" \/><\/a> Ukoliko \u017eelite vrt pro\u0161iriti koristite se ve\u0107im cvjetovima, listovima ili predmetima u plavo-ljubi\u010dastim, zelenim ili srebrnim bojama, dok za vizualno manji vrt preporu\u010duje se kori\u0161tenje crvenih, naran\u010dastih i \u017eutih cvjetova ili listova.<\/p>\n<p>Povratak na <a href=\"..\/\">cvije\u0107e<\/a><\/p>\n","protected":false},"excerpt":{"rendered":"<p>Preduga\u010dak vrt skratite tako da u prvi plan postavite ogradu koja je obojana u plavo, ili oblikujete cvjetnu gredicu sa cvjetovima plave boje&#8230;<\/p>\n","protected":false},"author":1,"featured_media":0,"comment_status":"open","ping_status":"open","sticky":false,"template":"","format":"standard","meta":{"footnotes":""},"categories":[7,5],"tags":[20,19],"class_list":["post-530","post","type-post","status-publish","format-standard","hentry","category-savjeti","category-vrtno_bilje","tag-novosti","tag-vijesti"],"_links":{"self":[{"href":"https:\/\/cvijece.covermagazin.com\/index.php?rest_route=\/wp\/v2\/posts\/530","targetHints":{"allow":["GET"]}}],"collection":[{"href":"https:\/\/cvijece.covermagazin.com\/index.php?rest_route=\/wp\/v2\/posts"}],"about":[{"href":"https:\/\/cvijece.covermagazin.com\/index.php?rest_route=\/wp\/v2\/types\/post"}],"author":[{"embeddable":true,"href":"https:\/\/cvijece.covermagazin.com\/index.php?rest_route=\/wp\/v2\/users\/1"}],"replies":[{"embeddable":true,"href":"https:\/\/cvijece.covermagazin.com\/index.php?rest_route=%2Fwp%2Fv2%2Fcomments&post=530"}],"version-history":[{"count":12,"href":"https:\/\/cvijece.covermagazin.com\/index.php?rest_route=\/wp\/v2\/posts\/530\/revisions"}],"predecessor-version":[{"id":1954,"href":"https:\/\/cvijece.covermagazin.com\/index.php?rest_route=\/wp\/v2\/posts\/530\/revisions\/1954"}],"wp:attachment":[{"href":"https:\/\/cvijece.covermagazin.com\/index.php?rest_route=%2Fwp%2Fv2%2Fmedia&parent=530"}],"wp:term":[{"taxonomy":"category","embeddable":true,"href":"https:\/\/cvijece.covermagazin.com\/index.php?rest_route=%2Fwp%2Fv2%2Fcategories&post=530"},{"taxonomy":"post_tag","embeddable":true,"href":"https:\/\/cvijece.covermagazin.com\/index.php?rest_route=%2Fwp%2Fv2%2Ftags&post=530"}],"curies":[{"name":"wp","href":"https:\/\/api.w.org\/{rel}","templated":true}]}}