{"id":566,"date":"2019-08-21T23:16:00","date_gmt":"2019-08-21T21:16:00","guid":{"rendered":"http:\/\/cvijece.covermagazin.com\/?p=566"},"modified":"2019-08-21T23:16:00","modified_gmt":"2019-08-21T21:16:00","slug":"kim","status":"publish","type":"post","link":"https:\/\/cvijece.covermagazin.com\/?p=566","title":{"rendered":"Kim"},"content":{"rendered":"<p><a href=\"http:\/\/cvijece.covermagazin.com\/wp-content\/uploads\/2009\/12\/kim.jpg\"><img loading=\"lazy\" decoding=\"async\" class=\"alignnone size-full wp-image-567\" title=\"kim\" src=\"http:\/\/cvijece.covermagazin.com\/wp-content\/uploads\/2009\/12\/kim.jpg\" alt=\"kim\" width=\"350\" height=\"300\" \/><\/a><\/p>\n<p><a href=\"http:\/\/cvijece.covermagazin.com\/wp-content\/uploads\/2009\/12\/tocka38.gif\"><img loading=\"lazy\" decoding=\"async\" class=\"alignnone size-full wp-image-568\" title=\"Kim\" src=\"http:\/\/cvijece.covermagazin.com\/wp-content\/uploads\/2009\/12\/tocka38.gif\" alt=\"Kim\" width=\"2\" height=\"2\" \/><\/a> Naziva se jo\u0161 i livadni kumin.<\/p>\n<p><a href=\"..\/wp-content\/uploads\/2009\/12\/tocka38.gif\"><img loading=\"lazy\" decoding=\"async\" title=\"Kim\" src=\"..\/wp-content\/uploads\/2009\/12\/tocka38.gif\" alt=\"Kim\" width=\"2\" height=\"2\" \/><\/a> Raste u planinama na visini iznad 1000 metara, a cvjeta izme\u0111u svibnja i srpnja. Stabljika je razgranata, a na njoj se nalaze bijeli ili ru\u017ei\u010dasti cvjetovi.<\/p>\n<p><a href=\"..\/wp-content\/uploads\/2009\/12\/tocka38.gif\"><img loading=\"lazy\" decoding=\"async\" title=\"Kim\" src=\"..\/wp-content\/uploads\/2009\/12\/tocka38.gif\" alt=\"Kim\" width=\"2\" height=\"2\" \/><\/a> Svje\u017ee li\u0161\u0107e, kao i plodovi koriste se kao dodatak u kuhinji naj\u010de\u0161\u0107e kod pripreme umaka ili kao dodatak pe\u010denjima. Najpoznatiji je u orijentalnoj kuhinji budu\u0107i da je jedan od glavnih sastojaka currya.<\/p>\n<p><a href=\"..\/wp-content\/uploads\/2009\/12\/tocka38.gif\"><img loading=\"lazy\" decoding=\"async\" title=\"Kim\" src=\"..\/wp-content\/uploads\/2009\/12\/tocka38.gif\" alt=\"Kim\" width=\"2\" height=\"2\" \/><\/a> Plodovi sadr\u017ee esencijalna ulja koja se koriste za pripremu ljekovitih likera, osim toga pospje\u0161uje i probavu.<\/p>\n<p><a href=\"..\/wp-content\/uploads\/2009\/12\/tocka38.gif\"><img loading=\"lazy\" decoding=\"async\" title=\"Kim\" src=\"..\/wp-content\/uploads\/2009\/12\/tocka38.gif\" alt=\"Kim\" width=\"2\" height=\"2\" \/><\/a> Ono \u0161to ve\u0107ini nije poznato to je da je upravo ova biljka sastojak mnogih kozmeti\u010dkih preparata kao \u0161to su zubne paste, sapuni, razni deterd\u017eenti, kreme, losioni, pa \u010dak i mirisi.<\/p>\n<p><a href=\"..\/wp-content\/uploads\/2009\/12\/tocka38.gif\"><img loading=\"lazy\" decoding=\"async\" title=\"Kim\" src=\"..\/wp-content\/uploads\/2009\/12\/tocka38.gif\" alt=\"Kim\" width=\"2\" height=\"2\" \/><\/a> Ukoliko \u017eelite napraviti osvje\u017eavaju\u0107u i stimuliraju\u0107u kupku, dovoljno je \u0161aku plodova staviti u toplu vodu.<\/p>\n","protected":false},"excerpt":{"rendered":"<p>Raste u planinama na visini iznad 1000 metara, a cvjeta izme\u0111u svibnja i srpnja&#8230;<\/p>\n","protected":false},"author":1,"featured_media":0,"comment_status":"open","ping_status":"open","sticky":false,"template":"","format":"standard","meta":{"footnotes":""},"categories":[5],"tags":[20],"class_list":["post-566","post","type-post","status-publish","format-standard","hentry","category-vrtno_bilje","tag-novosti"],"_links":{"self":[{"href":"https:\/\/cvijece.covermagazin.com\/index.php?rest_route=\/wp\/v2\/posts\/566","targetHints":{"allow":["GET"]}}],"collection":[{"href":"https:\/\/cvijece.covermagazin.com\/index.php?rest_route=\/wp\/v2\/posts"}],"about":[{"href":"https:\/\/cvijece.covermagazin.com\/index.php?rest_route=\/wp\/v2\/types\/post"}],"author":[{"embeddable":true,"href":"https:\/\/cvijece.covermagazin.com\/index.php?rest_route=\/wp\/v2\/users\/1"}],"replies":[{"embeddable":true,"href":"https:\/\/cvijece.covermagazin.com\/index.php?rest_route=%2Fwp%2Fv2%2Fcomments&post=566"}],"version-history":[{"count":8,"href":"https:\/\/cvijece.covermagazin.com\/index.php?rest_route=\/wp\/v2\/posts\/566\/revisions"}],"predecessor-version":[{"id":1687,"href":"https:\/\/cvijece.covermagazin.com\/index.php?rest_route=\/wp\/v2\/posts\/566\/revisions\/1687"}],"wp:attachment":[{"href":"https:\/\/cvijece.covermagazin.com\/index.php?rest_route=%2Fwp%2Fv2%2Fmedia&parent=566"}],"wp:term":[{"taxonomy":"category","embeddable":true,"href":"https:\/\/cvijece.covermagazin.com\/index.php?rest_route=%2Fwp%2Fv2%2Fcategories&post=566"},{"taxonomy":"post_tag","embeddable":true,"href":"https:\/\/cvijece.covermagazin.com\/index.php?rest_route=%2Fwp%2Fv2%2Ftags&post=566"}],"curies":[{"name":"wp","href":"https:\/\/api.w.org\/{rel}","templated":true}]}}