{"id":65,"date":"2019-07-03T20:00:56","date_gmt":"2019-07-03T18:00:56","guid":{"rendered":"http:\/\/cvijece.covermagazin.com\/?p=65"},"modified":"2019-07-03T20:00:56","modified_gmt":"2019-07-03T18:00:56","slug":"ananas-ananas-comosus","status":"publish","type":"post","link":"https:\/\/cvijece.covermagazin.com\/?p=65","title":{"rendered":"Ananas \u2013 Ananas comosus"},"content":{"rendered":"<p><a href=\"http:\/\/cvijece.covermagazin.com\/wp-content\/uploads\/2009\/09\/ananas.jpg\"><img loading=\"lazy\" decoding=\"async\" class=\"alignnone size-full wp-image-66\" title=\"ananas\" src=\"http:\/\/cvijece.covermagazin.com\/wp-content\/uploads\/2009\/09\/ananas.jpg\" alt=\"ananas\" width=\"300\" height=\"300\" \/><\/a><\/p>\n<p><a href=\"http:\/\/cvijece.covermagazin.com\/wp-content\/uploads\/2009\/09\/cvijet12.gif\"><img loading=\"lazy\" decoding=\"async\" class=\"alignnone size-full wp-image-67\" style=\"border: 0pt none;\" title=\"cvijet\" src=\"http:\/\/cvijece.covermagazin.com\/wp-content\/uploads\/2009\/09\/cvijet12.gif\" alt=\"cvijet\" width=\"10\" height=\"10\" \/><\/a> Ananas komozus se u tropskim krajevima uzgaja kao jestivo vo\u0107e, a kod nas kao ukrasna biljka.<\/p>\n<p><a href=\"..\/wp-content\/uploads\/2009\/09\/cvijet12.gif\"><img loading=\"lazy\" decoding=\"async\" style=\"border: 0pt none;\" title=\"cvijet\" src=\"..\/wp-content\/uploads\/2009\/09\/cvijet12.gif\" alt=\"cvijet\" width=\"10\" height=\"10\" \/><\/a> Uzgoj zahtjeva mnogo topline i vlage.<\/p>\n<p><a href=\"..\/wp-content\/uploads\/2009\/09\/cvijet12.gif\"><img loading=\"lazy\" decoding=\"async\" style=\"border: 0pt none;\" title=\"cvijet\" src=\"..\/wp-content\/uploads\/2009\/09\/cvijet12.gif\" alt=\"cvijet\" width=\"10\" height=\"10\" \/><\/a> S vremenom se ova biljka dosta razvije i postane velika pa je potrebno unaprijed predvidjeti ve\u0107i prostor.<\/p>\n<p><a href=\"..\/wp-content\/uploads\/2009\/09\/cvijet12.gif\"><img loading=\"lazy\" decoding=\"async\" style=\"border: 0pt none;\" title=\"cvijet\" src=\"..\/wp-content\/uploads\/2009\/09\/cvijet12.gif\" alt=\"cvijet\" width=\"10\" height=\"10\" \/><\/a> Na izraslim biljkama pojavljuje se cvijet, a kasnije i mali plod.<\/p>\n<p><a href=\"..\/wp-content\/uploads\/2009\/09\/cvijet12.gif\"><img loading=\"lazy\" decoding=\"async\" style=\"border: 0pt none;\" title=\"cvijet\" src=\"..\/wp-content\/uploads\/2009\/09\/cvijet12.gif\" alt=\"cvijet\" width=\"10\" height=\"10\" \/><\/a> Mlade izboje koji se pojave uz izdanak trebaju se presaditi u te\u0161ku zemlju, koja bi trebala sadr\u017eavati ne\u0161to rahle gline ili ilova\u010de.<\/p>\n<p>Povratak na <a href=\"..\/\">cvije\u0107e<\/a><\/p>\n","protected":false},"excerpt":{"rendered":"<p>Ananas komozus se u tropskim krajevima uzgaja kao jestivo vo\u0107e&#8230;<\/p>\n","protected":false},"author":1,"featured_media":0,"comment_status":"open","ping_status":"open","sticky":false,"template":"","format":"standard","meta":{"footnotes":""},"categories":[4],"tags":[20,19],"class_list":["post-65","post","type-post","status-publish","format-standard","hentry","category-sobno_cvijece","tag-novosti","tag-vijesti"],"_links":{"self":[{"href":"https:\/\/cvijece.covermagazin.com\/index.php?rest_route=\/wp\/v2\/posts\/65","targetHints":{"allow":["GET"]}}],"collection":[{"href":"https:\/\/cvijece.covermagazin.com\/index.php?rest_route=\/wp\/v2\/posts"}],"about":[{"href":"https:\/\/cvijece.covermagazin.com\/index.php?rest_route=\/wp\/v2\/types\/post"}],"author":[{"embeddable":true,"href":"https:\/\/cvijece.covermagazin.com\/index.php?rest_route=\/wp\/v2\/users\/1"}],"replies":[{"embeddable":true,"href":"https:\/\/cvijece.covermagazin.com\/index.php?rest_route=%2Fwp%2Fv2%2Fcomments&post=65"}],"version-history":[{"count":15,"href":"https:\/\/cvijece.covermagazin.com\/index.php?rest_route=\/wp\/v2\/posts\/65\/revisions"}],"predecessor-version":[{"id":1895,"href":"https:\/\/cvijece.covermagazin.com\/index.php?rest_route=\/wp\/v2\/posts\/65\/revisions\/1895"}],"wp:attachment":[{"href":"https:\/\/cvijece.covermagazin.com\/index.php?rest_route=%2Fwp%2Fv2%2Fmedia&parent=65"}],"wp:term":[{"taxonomy":"category","embeddable":true,"href":"https:\/\/cvijece.covermagazin.com\/index.php?rest_route=%2Fwp%2Fv2%2Fcategories&post=65"},{"taxonomy":"post_tag","embeddable":true,"href":"https:\/\/cvijece.covermagazin.com\/index.php?rest_route=%2Fwp%2Fv2%2Ftags&post=65"}],"curies":[{"name":"wp","href":"https:\/\/api.w.org\/{rel}","templated":true}]}}