{"id":78,"date":"2019-08-03T06:44:56","date_gmt":"2019-08-03T04:44:56","guid":{"rendered":"http:\/\/cvijece.covermagazin.com\/?p=78"},"modified":"2019-08-03T06:44:56","modified_gmt":"2019-08-03T04:44:56","slug":"sobna-jela-araucaria-excelsa","status":"publish","type":"post","link":"https:\/\/cvijece.covermagazin.com\/?p=78","title":{"rendered":"Sobna jela \u2013 Araucaria excelsa"},"content":{"rendered":"<p><a href=\"http:\/\/cvijece.covermagazin.com\/wp-content\/uploads\/2009\/09\/sobna-jela.jpg\"><img loading=\"lazy\" decoding=\"async\" class=\"alignnone size-full wp-image-79\" title=\"sobna-jela\" src=\"http:\/\/cvijece.covermagazin.com\/wp-content\/uploads\/2009\/09\/sobna-jela.jpg\" alt=\"sobna-jela\" width=\"270\" height=\"299\" \/><\/a><\/p>\n<p><a href=\"http:\/\/cvijece.covermagazin.com\/wp-content\/uploads\/2009\/09\/cvijet15.gif\"><img loading=\"lazy\" decoding=\"async\" class=\"alignnone size-full wp-image-80\" style=\"border: 0pt none;\" title=\"cvijet\" src=\"http:\/\/cvijece.covermagazin.com\/wp-content\/uploads\/2009\/09\/cvijet15.gif\" alt=\"cvijet\" width=\"10\" height=\"10\" \/><\/a> Za ovo cvije\u0107e je va\u017eno da ne stoji u previ\u0161e toploj prostoriji, jer bi prebrzo rasla, a takve ne izgledaju lijepo.<\/p>\n<p><a href=\"..\/wp-content\/uploads\/2009\/09\/cvijet15.gif\"><img loading=\"lazy\" decoding=\"async\" style=\"border: 0pt none;\" title=\"cvijet\" src=\"..\/wp-content\/uploads\/2009\/09\/cvijet15.gif\" alt=\"cvijet\" width=\"10\" height=\"10\" \/><\/a> Zimi bi trebala biti na svijetlom i sun\u010danom mjestu.<\/p>\n<p><a href=\"..\/wp-content\/uploads\/2009\/09\/cvijet15.gif\"><img loading=\"lazy\" decoding=\"async\" style=\"border: 0pt none;\" title=\"cvijet\" src=\"..\/wp-content\/uploads\/2009\/09\/cvijet15.gif\" alt=\"cvijet\" width=\"10\" height=\"10\" \/><\/a> Ljeti ju se mo\u017ee iznijeti i vani u vrt ili balkon, na sjenovit mjesto.<\/p>\n<p><a href=\"..\/wp-content\/uploads\/2009\/09\/cvijet15.gif\"><img loading=\"lazy\" decoding=\"async\" style=\"border: 0pt none;\" title=\"cvijet\" src=\"..\/wp-content\/uploads\/2009\/09\/cvijet15.gif\" alt=\"cvijet\" width=\"10\" height=\"10\" \/><\/a> Za jako toplih dana preporu\u010duje se prskati je vodom.<\/p>\n<p><a href=\"..\/wp-content\/uploads\/2009\/09\/cvijet15.gif\"><img loading=\"lazy\" decoding=\"async\" style=\"border: 0pt none;\" title=\"cvijet\" src=\"..\/wp-content\/uploads\/2009\/09\/cvijet15.gif\" alt=\"cvijet\" width=\"10\" height=\"10\" \/><\/a> Budu\u0107i da su iglice vrlo osjetljive na dodir va\u017eno je da ima dovoljno prostora.<\/p>\n<p><a href=\"..\/wp-content\/uploads\/2009\/09\/cvijet15.gif\"><img loading=\"lazy\" decoding=\"async\" style=\"border: 0pt none;\" title=\"cvijet\" src=\"..\/wp-content\/uploads\/2009\/09\/cvijet15.gif\" alt=\"cvijet\" width=\"10\" height=\"10\" \/><\/a> Presa\u0111uje se u prolje\u0107e, ali ne svake godine, nego kada preraste vazu, svake dvije do tri godine.<\/p>\n<p><a href=\"..\/wp-content\/uploads\/2009\/09\/cvijet15.gif\"><img loading=\"lazy\" decoding=\"async\" style=\"border: 0pt none;\" title=\"cvijet\" src=\"..\/wp-content\/uploads\/2009\/09\/cvijet15.gif\" alt=\"cvijet\" width=\"10\" height=\"10\" \/><\/a> Sa zalijevanjem treba biti pa\u017eljiv i zalijevati je minimalno, tek toliko da se zemlja u vazi ne isu\u0161i. Dohranjivanje se preporu\u010duje svakih petnaestak dana.<\/p>\n<p>Povratak na <a href=\"..\/\">cvije\u0107e<\/a><\/p>\n","protected":false},"excerpt":{"rendered":"<p>Za ovo cvije\u0107e je va\u017eno da ne stoji u previ\u0161e toploj prostoriji, jer bi prebrzo rasla&#8230;<\/p>\n","protected":false},"author":1,"featured_media":0,"comment_status":"open","ping_status":"open","sticky":false,"template":"","format":"standard","meta":{"footnotes":""},"categories":[4],"tags":[20,19],"class_list":["post-78","post","type-post","status-publish","format-standard","hentry","category-sobno_cvijece","tag-novosti","tag-vijesti"],"_links":{"self":[{"href":"https:\/\/cvijece.covermagazin.com\/index.php?rest_route=\/wp\/v2\/posts\/78","targetHints":{"allow":["GET"]}}],"collection":[{"href":"https:\/\/cvijece.covermagazin.com\/index.php?rest_route=\/wp\/v2\/posts"}],"about":[{"href":"https:\/\/cvijece.covermagazin.com\/index.php?rest_route=\/wp\/v2\/types\/post"}],"author":[{"embeddable":true,"href":"https:\/\/cvijece.covermagazin.com\/index.php?rest_route=\/wp\/v2\/users\/1"}],"replies":[{"embeddable":true,"href":"https:\/\/cvijece.covermagazin.com\/index.php?rest_route=%2Fwp%2Fv2%2Fcomments&post=78"}],"version-history":[{"count":12,"href":"https:\/\/cvijece.covermagazin.com\/index.php?rest_route=\/wp\/v2\/posts\/78\/revisions"}],"predecessor-version":[{"id":1943,"href":"https:\/\/cvijece.covermagazin.com\/index.php?rest_route=\/wp\/v2\/posts\/78\/revisions\/1943"}],"wp:attachment":[{"href":"https:\/\/cvijece.covermagazin.com\/index.php?rest_route=%2Fwp%2Fv2%2Fmedia&parent=78"}],"wp:term":[{"taxonomy":"category","embeddable":true,"href":"https:\/\/cvijece.covermagazin.com\/index.php?rest_route=%2Fwp%2Fv2%2Fcategories&post=78"},{"taxonomy":"post_tag","embeddable":true,"href":"https:\/\/cvijece.covermagazin.com\/index.php?rest_route=%2Fwp%2Fv2%2Ftags&post=78"}],"curies":[{"name":"wp","href":"https:\/\/api.w.org\/{rel}","templated":true}]}}