{"id":93,"date":"2019-08-08T09:46:30","date_gmt":"2019-08-08T07:46:30","guid":{"rendered":"http:\/\/cvijece.covermagazin.com\/?p=93"},"modified":"2019-08-08T09:46:30","modified_gmt":"2019-08-08T07:46:30","slug":"aspidista-aspidistra","status":"publish","type":"post","link":"https:\/\/cvijece.covermagazin.com\/?p=93","title":{"rendered":"Aspidista \u2013 Aspidistra"},"content":{"rendered":"<p><a href=\"http:\/\/cvijece.covermagazin.com\/wp-content\/uploads\/2009\/09\/aspidistra.jpg\"><img loading=\"lazy\" decoding=\"async\" class=\"alignnone size-full wp-image-94\" title=\"aspidistra\" src=\"http:\/\/cvijece.covermagazin.com\/wp-content\/uploads\/2009\/09\/aspidistra.jpg\" alt=\"aspidistra\" width=\"304\" height=\"300\" \/><\/a><\/p>\n<p><a href=\"http:\/\/cvijece.covermagazin.com\/wp-content\/uploads\/2009\/09\/cvijet18.gif\"><img loading=\"lazy\" decoding=\"async\" class=\"alignnone size-full wp-image-95\" style=\"border: 0pt none;\" title=\"cvijet\" src=\"http:\/\/cvijece.covermagazin.com\/wp-content\/uploads\/2009\/09\/cvijet18.gif\" alt=\"cvijet\" width=\"10\" height=\"10\" \/><\/a> Ova ja biljka idealna za po\u010detnike koji se \u017eele oku\u0161ati u uzgoju cvije\u0107a.<\/p>\n<p><a href=\"..\/wp-content\/uploads\/2009\/09\/cvijet18.gif\"><img loading=\"lazy\" decoding=\"async\" style=\"border: 0pt none;\" title=\"cvijet\" src=\"..\/wp-content\/uploads\/2009\/09\/cvijet18.gif\" alt=\"cvijet\" width=\"10\" height=\"10\" \/><\/a> Ovo je rijetka biljka koja podnosi sve uvjete, a mo\u017ee se odr\u017eati i gotovo u potpunoj tami.<\/p>\n<p><a href=\"..\/wp-content\/uploads\/2009\/09\/cvijet18.gif\"><img loading=\"lazy\" decoding=\"async\" style=\"border: 0pt none;\" title=\"cvijet\" src=\"..\/wp-content\/uploads\/2009\/09\/cvijet18.gif\" alt=\"cvijet\" width=\"10\" height=\"10\" \/><\/a> Dovoljno je da se ovo cvije\u0107e redovito zalijeva i ono \u0107e rasti, s tim da je biljka jedino osjetljiva na vi\u0161ak vlage, pa se ne smije desiti da na podlo\u0161ku vaze stoji voda.<\/p>\n<p><a href=\"..\/wp-content\/uploads\/2009\/09\/cvijet18.gif\"><img loading=\"lazy\" decoding=\"async\" style=\"border: 0pt none;\" title=\"cvijet\" src=\"..\/wp-content\/uploads\/2009\/09\/cvijet18.gif\" alt=\"cvijet\" width=\"10\" height=\"10\" \/><\/a> Razmno\u017eava se dijeljenjem u kasno prolje\u0107e ili ljeti.<\/p>\n<p>Povratak na <a href=\"..\/\">cvije\u0107e<\/a><\/p>\n","protected":false},"excerpt":{"rendered":"<p>Ova ja biljka idealna za po\u010detnike koji se \u017eele oku\u0161ati u uzgoju cvije\u0107a. <\/p>\n","protected":false},"author":1,"featured_media":0,"comment_status":"open","ping_status":"open","sticky":false,"template":"","format":"standard","meta":{"footnotes":""},"categories":[4],"tags":[20,19],"class_list":["post-93","post","type-post","status-publish","format-standard","hentry","category-sobno_cvijece","tag-novosti","tag-vijesti"],"_links":{"self":[{"href":"https:\/\/cvijece.covermagazin.com\/index.php?rest_route=\/wp\/v2\/posts\/93","targetHints":{"allow":["GET"]}}],"collection":[{"href":"https:\/\/cvijece.covermagazin.com\/index.php?rest_route=\/wp\/v2\/posts"}],"about":[{"href":"https:\/\/cvijece.covermagazin.com\/index.php?rest_route=\/wp\/v2\/types\/post"}],"author":[{"embeddable":true,"href":"https:\/\/cvijece.covermagazin.com\/index.php?rest_route=\/wp\/v2\/users\/1"}],"replies":[{"embeddable":true,"href":"https:\/\/cvijece.covermagazin.com\/index.php?rest_route=%2Fwp%2Fv2%2Fcomments&post=93"}],"version-history":[{"count":9,"href":"https:\/\/cvijece.covermagazin.com\/index.php?rest_route=\/wp\/v2\/posts\/93\/revisions"}],"predecessor-version":[{"id":1948,"href":"https:\/\/cvijece.covermagazin.com\/index.php?rest_route=\/wp\/v2\/posts\/93\/revisions\/1948"}],"wp:attachment":[{"href":"https:\/\/cvijece.covermagazin.com\/index.php?rest_route=%2Fwp%2Fv2%2Fmedia&parent=93"}],"wp:term":[{"taxonomy":"category","embeddable":true,"href":"https:\/\/cvijece.covermagazin.com\/index.php?rest_route=%2Fwp%2Fv2%2Fcategories&post=93"},{"taxonomy":"post_tag","embeddable":true,"href":"https:\/\/cvijece.covermagazin.com\/index.php?rest_route=%2Fwp%2Fv2%2Ftags&post=93"}],"curies":[{"name":"wp","href":"https:\/\/api.w.org\/{rel}","templated":true}]}}